{"id":765,"date":"2025-10-18T15:07:15","date_gmt":"2025-10-18T15:07:15","guid":{"rendered":"https:\/\/gruppofiori.it\/?p=765"},"modified":"2026-01-09T15:06:47","modified_gmt":"2026-01-09T15:06:47","slug":"oltre-lo-sguardo-il-gruppo-fiori-e-giulio-ielardi-presentano-humans-resources-il-secondo-capitolo-fotografico-per-raccontare-il-cuore-umano-dellindustria","status":"publish","type":"post","link":"https:\/\/gruppofiori.it\/it\/news\/oltre-lo-sguardo-il-gruppo-fiori-e-giulio-ielardi-presentano-humans-resources-il-secondo-capitolo-fotografico-per-raccontare-il-cuore-umano-dellindustria\/","title":{"rendered":"Oltre lo Sguardo: il Gruppo Fiori e Giulio Ielardi presentano &#8220;Humans. Resources&#8221;, il secondo capitolo fotografico per raccontare il cuore umano dell&#8217;industria."},"content":{"rendered":"\t\t<div data-elementor-type=\"wp-post\" data-elementor-id=\"765\" class=\"elementor elementor-765\" data-elementor-post-type=\"post\">\n\t\t\t\t<div class=\"elementor-element elementor-element-20069d1e e-flex e-con-boxed e-con e-parent\" data-id=\"20069d1e\" data-element_type=\"container\" data-e-type=\"container\">\n\t\t\t\t\t<div class=\"e-con-inner\">\n\t\t\t\t<div class=\"elementor-element elementor-element-5cba48fe elementor-widget elementor-widget-text-editor\" data-id=\"5cba48fe\" data-element_type=\"widget\" data-e-type=\"widget\" data-widget_type=\"text-editor.default\">\n\t\t\t\t<div class=\"elementor-widget-container\">\n\t\t\t\t\t\t\t\t\t\n<p>Il Gruppo Fiori prosegue il suo viaggio di esplorazione visiva della realt\u00e0 aziendale e industriale con Humans. Resources., il secondo libro di fotografie realizzato in collaborazione con il fotografo Giulio Ielardi.<\/p>\n\n<p>Dopo The Iron Age, che ha messo in luce le risorse materiali, questo nuovo volume sposta l&#8217;obiettivo sulle risorse umane che danno vita all&#8217;organizzazione.<\/p>\n\n<p>Le fotografie sono state realizzate con una termocamera, una scelta tecnica che trasfigura la figura umana e rappresenta l&#8217;essenza del soggetto oltre il canone tipico del ritratto.<\/p>\n\n<p>Se il primo libro narrava la miniera moderna fatta di scarti e sopravvissuti della produttivit\u00e0, pronto a ridurre, riusare e riciclare, Humans. Resources. si concentra sulle persone e racconta la relazione tra gli elementi materiali e le capacit\u00e0 umane di utilizzarli.<\/p>\n\n<p>Quando si parla di economia circolare, la volont\u00e0 umana \u00e8 determinante: se la volont\u00e0 non diventa progetto, la risorsa rimane scarto.<\/p>\n\t\t\t\t\t\t\t\t<\/div>\n\t\t\t\t<\/div>\n\t\t\t\t\t<\/div>\n\t\t\t\t<\/div>\n\t\t<div class=\"elementor-element elementor-element-062882a e-flex e-con-boxed e-con e-parent\" data-id=\"062882a\" data-element_type=\"container\" data-e-type=\"container\">\n\t\t\t\t\t<div class=\"e-con-inner\">\n\t\t\t\t<div class=\"elementor-element elementor-element-feccffd elementor-widget elementor-widget-image-carousel\" data-id=\"feccffd\" data-element_type=\"widget\" data-e-type=\"widget\" data-settings=\"{&quot;navigation&quot;:&quot;none&quot;,&quot;autoplay_speed&quot;:1,&quot;speed&quot;:20000,&quot;autoplay&quot;:&quot;yes&quot;,&quot;pause_on_hover&quot;:&quot;yes&quot;,&quot;pause_on_interaction&quot;:&quot;yes&quot;,&quot;infinite&quot;:&quot;yes&quot;,&quot;image_spacing_custom&quot;:{&quot;unit&quot;:&quot;px&quot;,&quot;size&quot;:20,&quot;sizes&quot;:[]},&quot;image_spacing_custom_tablet&quot;:{&quot;unit&quot;:&quot;px&quot;,&quot;size&quot;:&quot;&quot;,&quot;sizes&quot;:[]},&quot;image_spacing_custom_mobile&quot;:{&quot;unit&quot;:&quot;px&quot;,&quot;size&quot;:&quot;&quot;,&quot;sizes&quot;:[]}}\" data-widget_type=\"image-carousel.default\">\n\t\t\t\t<div class=\"elementor-widget-container\">\n\t\t\t\t\t\t\t<div class=\"elementor-image-carousel-wrapper swiper\" role=\"region\" aria-roledescription=\"carousel\" aria-label=\"Carosello d&#039;immagini\" dir=\"ltr\">\n\t\t\t<div class=\"elementor-image-carousel swiper-wrapper\" aria-live=\"off\">\n\t\t\t\t\t\t\t\t<div class=\"swiper-slide\" role=\"group\" aria-roledescription=\"slide\" aria-label=\"1 di 6\"><figure class=\"swiper-slide-inner\"><img decoding=\"async\" class=\"swiper-slide-image\" src=\"https:\/\/gruppofiori.it\/wp-content\/uploads\/2025\/12\/FIORI-HR-24.jpg\" alt=\"FIORI - HR 24\" \/><\/figure><\/div><div class=\"swiper-slide\" role=\"group\" aria-roledescription=\"slide\" aria-label=\"2 di 6\"><figure class=\"swiper-slide-inner\"><img decoding=\"async\" class=\"swiper-slide-image\" src=\"https:\/\/gruppofiori.it\/wp-content\/uploads\/2025\/12\/FIORI-HR-39.jpg\" alt=\"FIORI - HR 39\" \/><\/figure><\/div><div class=\"swiper-slide\" role=\"group\" aria-roledescription=\"slide\" aria-label=\"3 di 6\"><figure class=\"swiper-slide-inner\"><img decoding=\"async\" class=\"swiper-slide-image\" src=\"https:\/\/gruppofiori.it\/wp-content\/uploads\/2025\/12\/FIORI-HR-45.jpg\" alt=\"FIORI - HR 45\" \/><\/figure><\/div><div class=\"swiper-slide\" role=\"group\" aria-roledescription=\"slide\" aria-label=\"4 di 6\"><figure class=\"swiper-slide-inner\"><img decoding=\"async\" class=\"swiper-slide-image\" src=\"https:\/\/gruppofiori.it\/wp-content\/uploads\/2025\/12\/FIORI-HR-02.jpg\" alt=\"FIORI - HR 02\" \/><\/figure><\/div><div class=\"swiper-slide\" role=\"group\" aria-roledescription=\"slide\" aria-label=\"5 di 6\"><figure class=\"swiper-slide-inner\"><img decoding=\"async\" class=\"swiper-slide-image\" src=\"https:\/\/gruppofiori.it\/wp-content\/uploads\/2025\/12\/FIORI-HR-01.jpg\" alt=\"FIORI - HR 01\" \/><\/figure><\/div><div class=\"swiper-slide\" role=\"group\" aria-roledescription=\"slide\" aria-label=\"6 di 6\"><figure class=\"swiper-slide-inner\"><img decoding=\"async\" class=\"swiper-slide-image\" src=\"https:\/\/gruppofiori.it\/wp-content\/uploads\/2025\/12\/FIORI-HR-18-dimensioni-grandi.jpeg\" alt=\"FIORI - HR 18 - dimensioni grandi\" \/><\/figure><\/div>\t\t\t<\/div>\n\t\t\t\t\t\t\t\n\t\t\t\t\t\t\t\t\t<\/div>\n\t\t\t\t\t\t<\/div>\n\t\t\t\t<\/div>\n\t\t\t\t\t<\/div>\n\t\t\t\t<\/div>\n\t\t\t\t<\/div>\n\t\t","protected":false},"excerpt":{"rendered":"<p>Il Gruppo Fiori prosegue il suo viaggio di esplorazione visiva della realt\u00e0 aziendale e industriale con Humans. Resources., il secondo libro di fotografie realizzato in collaborazione con il fotografo Giulio Ielardi.  <\/p>\n","protected":false},"author":1,"featured_media":766,"comment_status":"closed","ping_status":"closed","sticky":false,"template":"","format":"standard","meta":{"footnotes":""},"categories":[19],"tags":[],"class_list":["post-765","post","type-post","status-publish","format-standard","has-post-thumbnail","hentry","category-news"],"yoast_head":"<!-- This site is optimized with the Yoast SEO plugin v27.4 - https:\/\/yoast.com\/product\/yoast-seo-wordpress\/ -->\n<title>Oltre lo Sguardo: il Gruppo Fiori e Giulio Ielardi presentano &quot;Humans. Resources&quot;, il secondo capitolo fotografico per raccontare il cuore umano dell&#039;industria. - Gruppo Fiori<\/title>\n<meta name=\"robots\" content=\"index, follow, max-snippet:-1, max-image-preview:large, max-video-preview:-1\" \/>\n<link rel=\"canonical\" href=\"https:\/\/gruppofiori.it\/it\/news\/oltre-lo-sguardo-il-gruppo-fiori-e-giulio-ielardi-presentano-humans-resources-il-secondo-capitolo-fotografico-per-raccontare-il-cuore-umano-dellindustria\/\" \/>\n<meta property=\"og:locale\" content=\"it_IT\" \/>\n<meta property=\"og:type\" content=\"article\" \/>\n<meta property=\"og:title\" content=\"Oltre lo Sguardo: il Gruppo Fiori e Giulio Ielardi presentano &quot;Humans. Resources&quot;, il secondo capitolo fotografico per raccontare il cuore umano dell&#039;industria. - Gruppo Fiori\" \/>\n<meta property=\"og:description\" content=\"Il Gruppo Fiori prosegue il suo viaggio di esplorazione visiva della realt\u00e0 aziendale e industriale con Humans. Resources., il secondo libro di fotografie realizzato in collaborazione con il fotografo Giulio Ielardi.\" \/>\n<meta property=\"og:url\" content=\"https:\/\/gruppofiori.it\/it\/news\/oltre-lo-sguardo-il-gruppo-fiori-e-giulio-ielardi-presentano-humans-resources-il-secondo-capitolo-fotografico-per-raccontare-il-cuore-umano-dellindustria\/\" \/>\n<meta property=\"og:site_name\" content=\"Gruppo Fiori\" \/>\n<meta property=\"article:published_time\" content=\"2025-10-18T15:07:15+00:00\" \/>\n<meta property=\"article:modified_time\" content=\"2026-01-09T15:06:47+00:00\" \/>\n<meta property=\"og:image\" content=\"https:\/\/gruppofiori.it\/wp-content\/uploads\/2025\/12\/852a1bf9e5ef5363d003f30693efe7949271accf-dimensioni-grandi.jpeg\" \/>\n\t<meta property=\"og:image:width\" content=\"1280\" \/>\n\t<meta property=\"og:image:height\" content=\"960\" \/>\n\t<meta property=\"og:image:type\" content=\"image\/jpeg\" \/>\n<meta name=\"author\" content=\"admin\" \/>\n<meta name=\"twitter:card\" content=\"summary_large_image\" \/>\n<meta name=\"twitter:label1\" content=\"Scritto da\" \/>\n\t<meta name=\"twitter:data1\" content=\"admin\" \/>\n\t<meta name=\"twitter:label2\" content=\"Tempo di lettura stimato\" \/>\n\t<meta name=\"twitter:data2\" content=\"1 minuto\" \/>\n<script type=\"application\/ld+json\" class=\"yoast-schema-graph\">{\"@context\":\"https:\\\/\\\/schema.org\",\"@graph\":[{\"@type\":\"Article\",\"@id\":\"https:\\\/\\\/gruppofiori.it\\\/it\\\/news\\\/oltre-lo-sguardo-il-gruppo-fiori-e-giulio-ielardi-presentano-humans-resources-il-secondo-capitolo-fotografico-per-raccontare-il-cuore-umano-dellindustria\\\/#article\",\"isPartOf\":{\"@id\":\"https:\\\/\\\/gruppofiori.it\\\/it\\\/news\\\/oltre-lo-sguardo-il-gruppo-fiori-e-giulio-ielardi-presentano-humans-resources-il-secondo-capitolo-fotografico-per-raccontare-il-cuore-umano-dellindustria\\\/\"},\"author\":{\"name\":\"admin\",\"@id\":\"https:\\\/\\\/gruppofiori.it\\\/it\\\/#\\\/schema\\\/person\\\/8fa282ca6074b6bf55c919678fd95e35\"},\"headline\":\"Oltre lo Sguardo: il Gruppo Fiori e Giulio Ielardi presentano &#8220;Humans. Resources&#8221;, il secondo capitolo fotografico per raccontare il cuore umano dell&#8217;industria.\",\"datePublished\":\"2025-10-18T15:07:15+00:00\",\"dateModified\":\"2026-01-09T15:06:47+00:00\",\"mainEntityOfPage\":{\"@id\":\"https:\\\/\\\/gruppofiori.it\\\/it\\\/news\\\/oltre-lo-sguardo-il-gruppo-fiori-e-giulio-ielardi-presentano-humans-resources-il-secondo-capitolo-fotografico-per-raccontare-il-cuore-umano-dellindustria\\\/\"},\"wordCount\":169,\"publisher\":{\"@id\":\"https:\\\/\\\/gruppofiori.it\\\/it\\\/#organization\"},\"image\":{\"@id\":\"https:\\\/\\\/gruppofiori.it\\\/it\\\/news\\\/oltre-lo-sguardo-il-gruppo-fiori-e-giulio-ielardi-presentano-humans-resources-il-secondo-capitolo-fotografico-per-raccontare-il-cuore-umano-dellindustria\\\/#primaryimage\"},\"thumbnailUrl\":\"https:\\\/\\\/gruppofiori.it\\\/wp-content\\\/uploads\\\/2025\\\/12\\\/852a1bf9e5ef5363d003f30693efe7949271accf-dimensioni-grandi.jpeg\",\"articleSection\":[\"News\"],\"inLanguage\":\"it-IT\"},{\"@type\":\"WebPage\",\"@id\":\"https:\\\/\\\/gruppofiori.it\\\/it\\\/news\\\/oltre-lo-sguardo-il-gruppo-fiori-e-giulio-ielardi-presentano-humans-resources-il-secondo-capitolo-fotografico-per-raccontare-il-cuore-umano-dellindustria\\\/\",\"url\":\"https:\\\/\\\/gruppofiori.it\\\/it\\\/news\\\/oltre-lo-sguardo-il-gruppo-fiori-e-giulio-ielardi-presentano-humans-resources-il-secondo-capitolo-fotografico-per-raccontare-il-cuore-umano-dellindustria\\\/\",\"name\":\"Oltre lo Sguardo: il Gruppo Fiori e Giulio Ielardi presentano \\\"Humans. Resources\\\", il secondo capitolo fotografico per raccontare il cuore umano dell'industria. - Gruppo Fiori\",\"isPartOf\":{\"@id\":\"https:\\\/\\\/gruppofiori.it\\\/it\\\/#website\"},\"primaryImageOfPage\":{\"@id\":\"https:\\\/\\\/gruppofiori.it\\\/it\\\/news\\\/oltre-lo-sguardo-il-gruppo-fiori-e-giulio-ielardi-presentano-humans-resources-il-secondo-capitolo-fotografico-per-raccontare-il-cuore-umano-dellindustria\\\/#primaryimage\"},\"image\":{\"@id\":\"https:\\\/\\\/gruppofiori.it\\\/it\\\/news\\\/oltre-lo-sguardo-il-gruppo-fiori-e-giulio-ielardi-presentano-humans-resources-il-secondo-capitolo-fotografico-per-raccontare-il-cuore-umano-dellindustria\\\/#primaryimage\"},\"thumbnailUrl\":\"https:\\\/\\\/gruppofiori.it\\\/wp-content\\\/uploads\\\/2025\\\/12\\\/852a1bf9e5ef5363d003f30693efe7949271accf-dimensioni-grandi.jpeg\",\"datePublished\":\"2025-10-18T15:07:15+00:00\",\"dateModified\":\"2026-01-09T15:06:47+00:00\",\"breadcrumb\":{\"@id\":\"https:\\\/\\\/gruppofiori.it\\\/it\\\/news\\\/oltre-lo-sguardo-il-gruppo-fiori-e-giulio-ielardi-presentano-humans-resources-il-secondo-capitolo-fotografico-per-raccontare-il-cuore-umano-dellindustria\\\/#breadcrumb\"},\"inLanguage\":\"it-IT\",\"potentialAction\":[{\"@type\":\"ReadAction\",\"target\":[\"https:\\\/\\\/gruppofiori.it\\\/it\\\/news\\\/oltre-lo-sguardo-il-gruppo-fiori-e-giulio-ielardi-presentano-humans-resources-il-secondo-capitolo-fotografico-per-raccontare-il-cuore-umano-dellindustria\\\/\"]}]},{\"@type\":\"ImageObject\",\"inLanguage\":\"it-IT\",\"@id\":\"https:\\\/\\\/gruppofiori.it\\\/it\\\/news\\\/oltre-lo-sguardo-il-gruppo-fiori-e-giulio-ielardi-presentano-humans-resources-il-secondo-capitolo-fotografico-per-raccontare-il-cuore-umano-dellindustria\\\/#primaryimage\",\"url\":\"https:\\\/\\\/gruppofiori.it\\\/wp-content\\\/uploads\\\/2025\\\/12\\\/852a1bf9e5ef5363d003f30693efe7949271accf-dimensioni-grandi.jpeg\",\"contentUrl\":\"https:\\\/\\\/gruppofiori.it\\\/wp-content\\\/uploads\\\/2025\\\/12\\\/852a1bf9e5ef5363d003f30693efe7949271accf-dimensioni-grandi.jpeg\",\"width\":1280,\"height\":960},{\"@type\":\"BreadcrumbList\",\"@id\":\"https:\\\/\\\/gruppofiori.it\\\/it\\\/news\\\/oltre-lo-sguardo-il-gruppo-fiori-e-giulio-ielardi-presentano-humans-resources-il-secondo-capitolo-fotografico-per-raccontare-il-cuore-umano-dellindustria\\\/#breadcrumb\",\"itemListElement\":[{\"@type\":\"ListItem\",\"position\":1,\"name\":\"Home\",\"item\":\"https:\\\/\\\/gruppofiori.it\\\/it\\\/\"},{\"@type\":\"ListItem\",\"position\":2,\"name\":\"Oltre lo Sguardo: il Gruppo Fiori e Giulio Ielardi presentano &#8220;Humans. Resources&#8221;, il secondo capitolo fotografico per raccontare il cuore umano dell&#8217;industria.\"}]},{\"@type\":\"WebSite\",\"@id\":\"https:\\\/\\\/gruppofiori.it\\\/it\\\/#website\",\"url\":\"https:\\\/\\\/gruppofiori.it\\\/it\\\/\",\"name\":\"Gruppo Fiori\",\"description\":\"Riciclo Metalli e Economia Circolare dal 1947\",\"publisher\":{\"@id\":\"https:\\\/\\\/gruppofiori.it\\\/it\\\/#organization\"},\"potentialAction\":[{\"@type\":\"SearchAction\",\"target\":{\"@type\":\"EntryPoint\",\"urlTemplate\":\"https:\\\/\\\/gruppofiori.it\\\/it\\\/?s={search_term_string}\"},\"query-input\":{\"@type\":\"PropertyValueSpecification\",\"valueRequired\":true,\"valueName\":\"search_term_string\"}}],\"inLanguage\":\"it-IT\"},{\"@type\":\"Organization\",\"@id\":\"https:\\\/\\\/gruppofiori.it\\\/it\\\/#organization\",\"name\":\"Gruppo Fiori\",\"url\":\"https:\\\/\\\/gruppofiori.it\\\/it\\\/\",\"logo\":{\"@type\":\"ImageObject\",\"inLanguage\":\"it-IT\",\"@id\":\"https:\\\/\\\/gruppofiori.it\\\/it\\\/#\\\/schema\\\/logo\\\/image\\\/\",\"url\":\"https:\\\/\\\/gruppofiori.it\\\/wp-content\\\/uploads\\\/2025\\\/11\\\/logo-gruppo-fiori-e1765890631714.png\",\"contentUrl\":\"https:\\\/\\\/gruppofiori.it\\\/wp-content\\\/uploads\\\/2025\\\/11\\\/logo-gruppo-fiori-e1765890631714.png\",\"width\":763,\"height\":323,\"caption\":\"Gruppo Fiori\"},\"image\":{\"@id\":\"https:\\\/\\\/gruppofiori.it\\\/it\\\/#\\\/schema\\\/logo\\\/image\\\/\"},\"sameAs\":[\"https:\\\/\\\/it.linkedin.com\\\/company\\\/gruppo-fiori\",\"https:\\\/\\\/www.instagram.com\\\/gruppofiori\\\/\"]},{\"@type\":\"Person\",\"@id\":\"https:\\\/\\\/gruppofiori.it\\\/it\\\/#\\\/schema\\\/person\\\/8fa282ca6074b6bf55c919678fd95e35\",\"name\":\"admin\",\"image\":{\"@type\":\"ImageObject\",\"inLanguage\":\"it-IT\",\"@id\":\"https:\\\/\\\/secure.gravatar.com\\\/avatar\\\/f22a10a8438674c62bd68313ffaaf47248825a5fde188d69fec241d4fa6a122a?s=96&d=mm&r=g\",\"url\":\"https:\\\/\\\/secure.gravatar.com\\\/avatar\\\/f22a10a8438674c62bd68313ffaaf47248825a5fde188d69fec241d4fa6a122a?s=96&d=mm&r=g\",\"contentUrl\":\"https:\\\/\\\/secure.gravatar.com\\\/avatar\\\/f22a10a8438674c62bd68313ffaaf47248825a5fde188d69fec241d4fa6a122a?s=96&d=mm&r=g\",\"caption\":\"admin\"},\"sameAs\":[\"https:\\\/\\\/gruppofiori.it\"],\"url\":\"https:\\\/\\\/gruppofiori.it\\\/it\\\/author\\\/fioriwpmumbleser\\\/\"}]}<\/script>\n<!-- \/ Yoast SEO plugin. -->","yoast_head_json":{"title":"Oltre lo Sguardo: il Gruppo Fiori e Giulio Ielardi presentano \"Humans. Resources\", il secondo capitolo fotografico per raccontare il cuore umano dell'industria. - Gruppo Fiori","robots":{"index":"index","follow":"follow","max-snippet":"max-snippet:-1","max-image-preview":"max-image-preview:large","max-video-preview":"max-video-preview:-1"},"canonical":"https:\/\/gruppofiori.it\/it\/news\/oltre-lo-sguardo-il-gruppo-fiori-e-giulio-ielardi-presentano-humans-resources-il-secondo-capitolo-fotografico-per-raccontare-il-cuore-umano-dellindustria\/","og_locale":"it_IT","og_type":"article","og_title":"Oltre lo Sguardo: il Gruppo Fiori e Giulio Ielardi presentano \"Humans. Resources\", il secondo capitolo fotografico per raccontare il cuore umano dell'industria. - Gruppo Fiori","og_description":"Il Gruppo Fiori prosegue il suo viaggio di esplorazione visiva della realt\u00e0 aziendale e industriale con Humans. Resources., il secondo libro di fotografie realizzato in collaborazione con il fotografo Giulio Ielardi.","og_url":"https:\/\/gruppofiori.it\/it\/news\/oltre-lo-sguardo-il-gruppo-fiori-e-giulio-ielardi-presentano-humans-resources-il-secondo-capitolo-fotografico-per-raccontare-il-cuore-umano-dellindustria\/","og_site_name":"Gruppo Fiori","article_published_time":"2025-10-18T15:07:15+00:00","article_modified_time":"2026-01-09T15:06:47+00:00","og_image":[{"width":1280,"height":960,"url":"https:\/\/gruppofiori.it\/wp-content\/uploads\/2025\/12\/852a1bf9e5ef5363d003f30693efe7949271accf-dimensioni-grandi.jpeg","type":"image\/jpeg"}],"author":"admin","twitter_card":"summary_large_image","twitter_misc":{"Scritto da":"admin","Tempo di lettura stimato":"1 minuto"},"schema":{"@context":"https:\/\/schema.org","@graph":[{"@type":"Article","@id":"https:\/\/gruppofiori.it\/it\/news\/oltre-lo-sguardo-il-gruppo-fiori-e-giulio-ielardi-presentano-humans-resources-il-secondo-capitolo-fotografico-per-raccontare-il-cuore-umano-dellindustria\/#article","isPartOf":{"@id":"https:\/\/gruppofiori.it\/it\/news\/oltre-lo-sguardo-il-gruppo-fiori-e-giulio-ielardi-presentano-humans-resources-il-secondo-capitolo-fotografico-per-raccontare-il-cuore-umano-dellindustria\/"},"author":{"name":"admin","@id":"https:\/\/gruppofiori.it\/it\/#\/schema\/person\/8fa282ca6074b6bf55c919678fd95e35"},"headline":"Oltre lo Sguardo: il Gruppo Fiori e Giulio Ielardi presentano &#8220;Humans. Resources&#8221;, il secondo capitolo fotografico per raccontare il cuore umano dell&#8217;industria.","datePublished":"2025-10-18T15:07:15+00:00","dateModified":"2026-01-09T15:06:47+00:00","mainEntityOfPage":{"@id":"https:\/\/gruppofiori.it\/it\/news\/oltre-lo-sguardo-il-gruppo-fiori-e-giulio-ielardi-presentano-humans-resources-il-secondo-capitolo-fotografico-per-raccontare-il-cuore-umano-dellindustria\/"},"wordCount":169,"publisher":{"@id":"https:\/\/gruppofiori.it\/it\/#organization"},"image":{"@id":"https:\/\/gruppofiori.it\/it\/news\/oltre-lo-sguardo-il-gruppo-fiori-e-giulio-ielardi-presentano-humans-resources-il-secondo-capitolo-fotografico-per-raccontare-il-cuore-umano-dellindustria\/#primaryimage"},"thumbnailUrl":"https:\/\/gruppofiori.it\/wp-content\/uploads\/2025\/12\/852a1bf9e5ef5363d003f30693efe7949271accf-dimensioni-grandi.jpeg","articleSection":["News"],"inLanguage":"it-IT"},{"@type":"WebPage","@id":"https:\/\/gruppofiori.it\/it\/news\/oltre-lo-sguardo-il-gruppo-fiori-e-giulio-ielardi-presentano-humans-resources-il-secondo-capitolo-fotografico-per-raccontare-il-cuore-umano-dellindustria\/","url":"https:\/\/gruppofiori.it\/it\/news\/oltre-lo-sguardo-il-gruppo-fiori-e-giulio-ielardi-presentano-humans-resources-il-secondo-capitolo-fotografico-per-raccontare-il-cuore-umano-dellindustria\/","name":"Oltre lo Sguardo: il Gruppo Fiori e Giulio Ielardi presentano \"Humans. Resources\", il secondo capitolo fotografico per raccontare il cuore umano dell'industria. - Gruppo Fiori","isPartOf":{"@id":"https:\/\/gruppofiori.it\/it\/#website"},"primaryImageOfPage":{"@id":"https:\/\/gruppofiori.it\/it\/news\/oltre-lo-sguardo-il-gruppo-fiori-e-giulio-ielardi-presentano-humans-resources-il-secondo-capitolo-fotografico-per-raccontare-il-cuore-umano-dellindustria\/#primaryimage"},"image":{"@id":"https:\/\/gruppofiori.it\/it\/news\/oltre-lo-sguardo-il-gruppo-fiori-e-giulio-ielardi-presentano-humans-resources-il-secondo-capitolo-fotografico-per-raccontare-il-cuore-umano-dellindustria\/#primaryimage"},"thumbnailUrl":"https:\/\/gruppofiori.it\/wp-content\/uploads\/2025\/12\/852a1bf9e5ef5363d003f30693efe7949271accf-dimensioni-grandi.jpeg","datePublished":"2025-10-18T15:07:15+00:00","dateModified":"2026-01-09T15:06:47+00:00","breadcrumb":{"@id":"https:\/\/gruppofiori.it\/it\/news\/oltre-lo-sguardo-il-gruppo-fiori-e-giulio-ielardi-presentano-humans-resources-il-secondo-capitolo-fotografico-per-raccontare-il-cuore-umano-dellindustria\/#breadcrumb"},"inLanguage":"it-IT","potentialAction":[{"@type":"ReadAction","target":["https:\/\/gruppofiori.it\/it\/news\/oltre-lo-sguardo-il-gruppo-fiori-e-giulio-ielardi-presentano-humans-resources-il-secondo-capitolo-fotografico-per-raccontare-il-cuore-umano-dellindustria\/"]}]},{"@type":"ImageObject","inLanguage":"it-IT","@id":"https:\/\/gruppofiori.it\/it\/news\/oltre-lo-sguardo-il-gruppo-fiori-e-giulio-ielardi-presentano-humans-resources-il-secondo-capitolo-fotografico-per-raccontare-il-cuore-umano-dellindustria\/#primaryimage","url":"https:\/\/gruppofiori.it\/wp-content\/uploads\/2025\/12\/852a1bf9e5ef5363d003f30693efe7949271accf-dimensioni-grandi.jpeg","contentUrl":"https:\/\/gruppofiori.it\/wp-content\/uploads\/2025\/12\/852a1bf9e5ef5363d003f30693efe7949271accf-dimensioni-grandi.jpeg","width":1280,"height":960},{"@type":"BreadcrumbList","@id":"https:\/\/gruppofiori.it\/it\/news\/oltre-lo-sguardo-il-gruppo-fiori-e-giulio-ielardi-presentano-humans-resources-il-secondo-capitolo-fotografico-per-raccontare-il-cuore-umano-dellindustria\/#breadcrumb","itemListElement":[{"@type":"ListItem","position":1,"name":"Home","item":"https:\/\/gruppofiori.it\/it\/"},{"@type":"ListItem","position":2,"name":"Oltre lo Sguardo: il Gruppo Fiori e Giulio Ielardi presentano &#8220;Humans. Resources&#8221;, il secondo capitolo fotografico per raccontare il cuore umano dell&#8217;industria."}]},{"@type":"WebSite","@id":"https:\/\/gruppofiori.it\/it\/#website","url":"https:\/\/gruppofiori.it\/it\/","name":"Gruppo Fiori","description":"Riciclo Metalli e Economia Circolare dal 1947","publisher":{"@id":"https:\/\/gruppofiori.it\/it\/#organization"},"potentialAction":[{"@type":"SearchAction","target":{"@type":"EntryPoint","urlTemplate":"https:\/\/gruppofiori.it\/it\/?s={search_term_string}"},"query-input":{"@type":"PropertyValueSpecification","valueRequired":true,"valueName":"search_term_string"}}],"inLanguage":"it-IT"},{"@type":"Organization","@id":"https:\/\/gruppofiori.it\/it\/#organization","name":"Gruppo Fiori","url":"https:\/\/gruppofiori.it\/it\/","logo":{"@type":"ImageObject","inLanguage":"it-IT","@id":"https:\/\/gruppofiori.it\/it\/#\/schema\/logo\/image\/","url":"https:\/\/gruppofiori.it\/wp-content\/uploads\/2025\/11\/logo-gruppo-fiori-e1765890631714.png","contentUrl":"https:\/\/gruppofiori.it\/wp-content\/uploads\/2025\/11\/logo-gruppo-fiori-e1765890631714.png","width":763,"height":323,"caption":"Gruppo Fiori"},"image":{"@id":"https:\/\/gruppofiori.it\/it\/#\/schema\/logo\/image\/"},"sameAs":["https:\/\/it.linkedin.com\/company\/gruppo-fiori","https:\/\/www.instagram.com\/gruppofiori\/"]},{"@type":"Person","@id":"https:\/\/gruppofiori.it\/it\/#\/schema\/person\/8fa282ca6074b6bf55c919678fd95e35","name":"admin","image":{"@type":"ImageObject","inLanguage":"it-IT","@id":"https:\/\/secure.gravatar.com\/avatar\/f22a10a8438674c62bd68313ffaaf47248825a5fde188d69fec241d4fa6a122a?s=96&d=mm&r=g","url":"https:\/\/secure.gravatar.com\/avatar\/f22a10a8438674c62bd68313ffaaf47248825a5fde188d69fec241d4fa6a122a?s=96&d=mm&r=g","contentUrl":"https:\/\/secure.gravatar.com\/avatar\/f22a10a8438674c62bd68313ffaaf47248825a5fde188d69fec241d4fa6a122a?s=96&d=mm&r=g","caption":"admin"},"sameAs":["https:\/\/gruppofiori.it"],"url":"https:\/\/gruppofiori.it\/it\/author\/fioriwpmumbleser\/"}]}},"_links":{"self":[{"href":"https:\/\/gruppofiori.it\/it\/wp-json\/wp\/v2\/posts\/765","targetHints":{"allow":["GET"]}}],"collection":[{"href":"https:\/\/gruppofiori.it\/it\/wp-json\/wp\/v2\/posts"}],"about":[{"href":"https:\/\/gruppofiori.it\/it\/wp-json\/wp\/v2\/types\/post"}],"author":[{"embeddable":true,"href":"https:\/\/gruppofiori.it\/it\/wp-json\/wp\/v2\/users\/1"}],"replies":[{"embeddable":true,"href":"https:\/\/gruppofiori.it\/it\/wp-json\/wp\/v2\/comments?post=765"}],"version-history":[{"count":13,"href":"https:\/\/gruppofiori.it\/it\/wp-json\/wp\/v2\/posts\/765\/revisions"}],"predecessor-version":[{"id":1027,"href":"https:\/\/gruppofiori.it\/it\/wp-json\/wp\/v2\/posts\/765\/revisions\/1027"}],"wp:featuredmedia":[{"embeddable":true,"href":"https:\/\/gruppofiori.it\/it\/wp-json\/wp\/v2\/media\/766"}],"wp:attachment":[{"href":"https:\/\/gruppofiori.it\/it\/wp-json\/wp\/v2\/media?parent=765"}],"wp:term":[{"taxonomy":"category","embeddable":true,"href":"https:\/\/gruppofiori.it\/it\/wp-json\/wp\/v2\/categories?post=765"},{"taxonomy":"post_tag","embeddable":true,"href":"https:\/\/gruppofiori.it\/it\/wp-json\/wp\/v2\/tags?post=765"}],"curies":[{"name":"wp","href":"https:\/\/api.w.org\/{rel}","templated":true}]}}